{"id":9730,"date":"2023-06-16T20:31:43","date_gmt":"2023-06-17T02:31:43","guid":{"rendered":"https:\/\/wvd.org\/dia-del-padre-2023\/"},"modified":"2023-08-03T20:53:54","modified_gmt":"2023-08-04T02:53:54","slug":"dia-del-padre-2023","status":"publish","type":"post","link":"https:\/\/wvd.org\/es\/dia-del-padre-2023\/","title":{"rendered":"D\u00eda del Padre, 2023"},"content":{"rendered":"[vc_row type=\u00bbin_container\u00bb full_screen_row_position=\u00bbmiddle\u00bb scene_position=\u00bbcenter\u00bb text_color=\u00bbdark\u00bb text_align=\u00bbleft\u00bb overlay_strength=\u00bb0.3&#8243; shape_divider_position=\u00bbbottom\u00bb bg_image_animation=\u00bbnone\u00bb][vc_column column_padding=\u00bbno-extra-padding\u00bb column_padding_position=\u00bball\u00bb background_color_opacity=\u00bb1&#8243; background_hover_color_opacity=\u00bb1&#8243; column_link_target=\u00bb_self\u00bb column_shadow=\u00bbnone\u00bb column_border_radius=\u00bbnone\u00bb width=\u00bb2\/3&#8243; tablet_width_inherit=\u00bbdefault\u00bb tablet_text_alignment=\u00bbdefault\u00bb phone_text_alignment=\u00bbdefault\u00bb column_border_width=\u00bbnone\u00bb column_border_style=\u00bbsolid\u00bb bg_image_animation=\u00bbnone\u00bb][divider line_type=\u00bbNo Line\u00bb][vc_column_text]\n<h5>\n            <strong><br \/>\n              <i>En 2012, el cineasta Jonathan Stack y el Dr. Doug Stein cofundaron el D\u00eda Mundial de la Vasectom\u00eda. El 18 de octubre de 2013, lanzaron su primer evento, con 196 m\u00e9dicos en 26 pa\u00edses que realizaron 996 vasectom\u00edas en 24 horas. Una d\u00e9cada despu\u00e9s, han pasado de ser un evento de un solo d\u00eda a programas durante todo el a\u00f1o que incluyen misiones m\u00e9dicas, programas de desarrollo de capacidades, un directorio en l\u00ednea y casi 500 cortometrajes para educar al p\u00fablico y generar demanda. Hoy en d\u00eda, con m\u00e1s de 1,000 proveedores participantes que realizan m\u00e1s de 25,000 procedimientos, son el evento de planificaci\u00f3n familiar orientado a hombres m\u00e1s grande del mundo. <\/i><br \/>\n            <\/strong><br \/>\n          <\/h5>\n[\/vc_column_text][image_with_animation alignment=\u00bb\u00bb animation=\u00bbFade In\u00bb border_radius=\u00bbnone\u00bb box_shadow=\u00bbnone\u00bb max_width=\u00bb100%\u00bb][\/vc_column][vc_column column_padding=\u00bbno-extra-padding\u00bb column_padding_position=\u00bball\u00bb background_color_opacity=\u00bb1&#8243; background_hover_color_opacity=\u00bb1&#8243; column_link_target=\u00bb_self\u00bb column_shadow=\u00bbnone\u00bb column_border_radius=\u00bbnone\u00bb width=\u00bb1\/3&#8243; tablet_width_inherit=\u00bbdefault\u00bb tablet_text_alignment=\u00bbdefault\u00bb phone_text_alignment=\u00bbdefault\u00bb column_border_width=\u00bbnone\u00bb column_border_style=\u00bbsolid\u00bb bg_image_animation=\u00bbnone\u00bb][divider line_type=\u00bbNo Line\u00bb][image_with_animation image_url=\u00bb9626&#8243; alignment=\u00bb\u00bb animation=\u00bbFade In\u00bb border_radius=\u00bbnone\u00bb box_shadow=\u00bbnone\u00bb max_width=\u00bb100%\u00bb][divider line_type=\u00bbNo Line\u00bb][\/vc_column][\/vc_row][vc_row type=\u00bbin_container\u00bb full_screen_row_position=\u00bbmiddle\u00bb scene_position=\u00bbcenter\u00bb text_color=\u00bbdark\u00bb text_align=\u00bbleft\u00bb overlay_strength=\u00bb0.3&#8243; shape_divider_position=\u00bbbottom\u00bb bg_image_animation=\u00bbnone\u00bb][vc_column column_padding=\u00bbno-extra-padding\u00bb column_padding_position=\u00bball\u00bb background_color_opacity=\u00bb1&#8243; background_hover_color_opacity=\u00bb1&#8243; column_link_target=\u00bb_self\u00bb column_shadow=\u00bbnone\u00bb column_border_radius=\u00bbnone\u00bb width=\u00bb1\/1&#8243; tablet_width_inherit=\u00bbdefault\u00bb tablet_text_alignment=\u00bbdefault\u00bb phone_text_alignment=\u00bbdefault\u00bb column_border_width=\u00bbnone\u00bb column_border_style=\u00bbsolid\u00bb bg_image_animation=\u00bbnone\u00bb][vc_column_text]<span style=\"font-weight: 400;\">D\u00eda del Padre, 2006.<\/span><\/p>\n<p><span style=\"font-weight: 400;\">Empiezo a hacer una pel\u00edcula sobre mi compleja relaci\u00f3n personal con la fertilidad. El t\u00edtulo provisional es <\/span><i><span style=\"font-weight: 400;\">To V or Not to V<\/span><\/i><span style=\"font-weight: 400;\">.<\/span><\/p>\n<p><span style=\"font-weight: 400;\">Escena uno, una prueba de esperma. La imagen de millones de espermatozoides es muy dram\u00e1tica. Supongo que el final de la pel\u00edcula ser\u00e1 una prueba posterior a la vasectom\u00eda y la imagen de un portaobjetos con un charco inm\u00f3vil de semen sin esperma. Investigo un poco y busco a un excelente m\u00e9dico en Nueva York, pero despu\u00e9s de una consulta de una hora durante la cual le hago todas las preguntas que cualquier buen documentalista plantear\u00eda, insiste en que no estoy listo. \u201c<\/span><i><span style=\"font-weight: 400;\">Ve a Florida y conoce al Dr. Doug Stein\u00bb,<\/span><\/i> <span style=\"font-weight: 400;\">\u00e9l sugiere.<\/span> <i><span style=\"font-weight: 400;\">\u00abA nadie le gusta hacer vasectom\u00edas m\u00e1s que a \u00e9l. Incluso pone vallas publicitarias.\u00bb<\/span><\/i><span style=\"font-weight: 400;\">Inmediatamente reservo mi boleto.<\/span>[\/vc_column_text][\/vc_column][\/vc_row][vc_row type=\u00bbin_container\u00bb full_screen_row_position=\u00bbmiddle\u00bb scene_position=\u00bbcenter\u00bb text_color=\u00bbdark\u00bb text_align=\u00bbleft\u00bb overlay_strength=\u00bb0.3&#8243; shape_divider_position=\u00bbbottom\u00bb bg_image_animation=\u00bbnone\u00bb][vc_column column_padding=\u00bbno-extra-padding\u00bb column_padding_position=\u00bball\u00bb background_color_opacity=\u00bb1&#8243; background_hover_color_opacity=\u00bb1&#8243; column_link_target=\u00bb_self\u00bb column_shadow=\u00bbnone\u00bb column_border_radius=\u00bbnone\u00bb width=\u00bb1\/2&#8243; tablet_width_inherit=\u00bbdefault\u00bb tablet_text_alignment=\u00bbdefault\u00bb phone_text_alignment=\u00bbdefault\u00bb column_border_width=\u00bbnone\u00bb column_border_style=\u00bbsolid\u00bb bg_image_animation=\u00bbnone\u00bb][image_with_animation image_url=\u00bb9643&#8243; alignment=\u00bbcenter\u00bb animation=\u00bbFade In\u00bb border_radius=\u00bbnone\u00bb box_shadow=\u00bbnone\u00bb max_width=\u00bb75%\u00bb][\/vc_column][vc_column column_padding=\u00bbno-extra-padding\u00bb column_padding_position=\u00bball\u00bb background_color_opacity=\u00bb1&#8243; background_hover_color_opacity=\u00bb1&#8243; column_link_target=\u00bb_self\u00bb column_shadow=\u00bbnone\u00bb column_border_radius=\u00bbnone\u00bb width=\u00bb1\/2&#8243; tablet_width_inherit=\u00bbdefault\u00bb tablet_text_alignment=\u00bbdefault\u00bb phone_text_alignment=\u00bbdefault\u00bb column_border_width=\u00bbnone\u00bb column_border_style=\u00bbsolid\u00bb bg_image_animation=\u00bbnone\u00bb][vc_column_text]<span style=\"font-weight: 400;\">Solo se necesita un d\u00eda de filmaci\u00f3n con Doug para darse cuenta de que no solo es un gran m\u00e9dico, sino un tema infinitamente mejor para un documental. Al igual que Don Quijote, Doug ha comprometido el trabajo de su vida con lo imposible, tal vez un desaf\u00edo incluso absurdo: reducir la huella de carbono una vasectom\u00eda a la vez. Salto de cabeza y empiezo a documentar su trabajo, primero en Florida y luego en Filipinas, Hait\u00ed y Kenia. A Doug le encanta su trabajo. Insiste en que es incluso mejor que ser dentista\u00bb .<\/span><i><span style=\"font-weight: 400;\">Al menos puedo hablar con mis clientes<\/span><\/i><span style=\"font-weight: 400;\">\u00b4.<\/span>[\/vc_column_text][\/vc_column][\/vc_row][vc_row type=\u00bbin_container\u00bb full_screen_row_position=\u00bbmiddle\u00bb scene_position=\u00bbcenter\u00bb text_color=\u00bbdark\u00bb text_align=\u00bbleft\u00bb overlay_strength=\u00bb0.3&#8243; shape_divider_position=\u00bbbottom\u00bb bg_image_animation=\u00bbnone\u00bb][vc_column column_padding=\u00bbno-extra-padding\u00bb column_padding_position=\u00bball\u00bb background_color_opacity=\u00bb1&#8243; background_hover_color_opacity=\u00bb1&#8243; column_link_target=\u00bb_self\u00bb column_shadow=\u00bbnone\u00bb column_border_radius=\u00bbnone\u00bb width=\u00bb1\/1&#8243; tablet_width_inherit=\u00bbdefault\u00bb tablet_text_alignment=\u00bbdefault\u00bb phone_text_alignment=\u00bbdefault\u00bb column_border_width=\u00bbnone\u00bb column_border_style=\u00bbsolid\u00bb bg_image_animation=\u00bbnone\u00bb][vc_column_text]<span style=\"font-weight: 400;\">Fue durante una de las misiones de Doug el 9 de mayo<\/span><br \/>\n          <span style=\"font-weight: 400;\">d\u00eda<\/span><br \/>\n          <span style=\"font-weight: 400;\">, 2012, en la frontera de Uganda y Kenia, cuando conoc\u00ed a George Mbogah, un hombre que hab\u00eda viajado 24 horas para su vasectom\u00eda. Como lo hab\u00eda hecho con cientos de otros hombres, lo entrevist\u00e9 durante su procedimiento y le pregunt\u00e9: \u00ab\u00bfPor qu\u00e9?\u2019. \u201c<\/span><br \/>\n          <i><br \/>\n            <span style=\"font-weight: 400;\">S\u00e9 que esto no es aceptado en mi cultura, y yo tambi\u00e9n amo a los ni\u00f1os, pero yo era uno de 16 hermanos y crec\u00ed sin nada. Mi esposa y yo queremos darle a nuestra \u00fanica hija una vida mejor de la que ten\u00edamos.<\/span><br \/>\n          <\/i><br \/>\n          <span style=\"font-weight: 400;\">\u201d <\/span>\n          <\/p>\n<p><span style=\"font-weight: 400;\">Esa misma noche, mientras estaba acostado en la cama, una idea salt\u00f3 a mi mente:<\/span> <i><span style=\"font-weight: 400;\">\u00ab\u00bfQu\u00e9 pasar\u00eda si pudiera agregar ese \u00fanico acto de amor en un movimiento colectivo para el bien social?\u201d.<\/span><\/i><span style=\"font-weight: 400;\"> Busqu\u00e9 en Google el D\u00eda Mundial de la Vasectom\u00eda (WVD) not\u00e9 su inexistencia, reserv\u00e9 inmediatamente la URL y me fui a dormir. Al d\u00eda siguiente, ped\u00ed que todos los hombres que se hab\u00edan hecho la vasectom\u00eda miraran a la c\u00e1mara y gritaran en sus propios idiomas, <\/span><i><span style=\"font-weight: 400;\">\u00abApoyo el D\u00eda Mundial de la Vasectom\u00eda\u00bb<\/span><\/i><span style=\"font-weight: 400;\">.<\/span><\/p>\n<p>\n            <span style=\"font-weight: 400;\">En el vuelo a casa, a\u00fan sin saber qu\u00e9 me hab\u00eda comprometido a hacer, decid\u00ed darme un a\u00f1o para convencer a 100 m\u00e9dicos en 10 pa\u00edses de que hicieran 1000 vasectom\u00edas en 24 horas como una declaraci\u00f3n colectiva de amor. As\u00ed, se lanz\u00f3 el D\u00eda Mundial de la Vasectom\u00eda. Pens\u00e9 que ser\u00eda f\u00e1cil.<\/span><br \/>\n            <span style=\"font-weight: 400;\"><br \/>\n              <\/p>\n<p>            <\/span>\n          <\/p>\n<p>\n            <span style=\"font-weight: 400;\">No lo fue.<\/span>\n          <\/p>\n<p>\n          <span style=\"font-weight: 400;\">S\u00ed, hay lugares, como Nueva Zelanda y Canad\u00e1, donde m\u00e1s del 20% de las parejas eligen una vasectom\u00eda como su principal forma de anticoncepci\u00f3n, pero hay regiones enteras del mundo donde la tasa es pr\u00e1cticamente cero. Con gran pasi\u00f3n y entusiasmo, present\u00e9 todas las razones convincentes para elegir una vasectom\u00eda: no son invasivas, son f\u00e1ciles de recuperar, causan poco dolor y son casi 100% efectivas. Sin mencionar que era una forma de retribuir a las mujeres que amamos que ya se hab\u00edan sacrificado tanto por nuestra familia.<\/span>[\/vc_column_text][\/vc_column][\/vc_row][vc_row type=\u00bbin_container\u00bb full_screen_row_position=\u00bbmiddle\u00bb scene_position=\u00bbcenter\u00bb text_color=\u00bbdark\u00bb text_align=\u00bbleft\u00bb overlay_strength=\u00bb0.3&#8243; shape_divider_position=\u00bbbottom\u00bb bg_image_animation=\u00bbnone\u00bb][vc_column column_padding=\u00bbno-extra-padding\u00bb column_padding_position=\u00bball\u00bb background_color_opacity=\u00bb1&#8243; background_hover_color_opacity=\u00bb1&#8243; column_link_target=\u00bb_self\u00bb column_shadow=\u00bbnone\u00bb column_border_radius=\u00bbnone\u00bb width=\u00bb1\/2&#8243; tablet_width_inherit=\u00bbdefault\u00bb tablet_text_alignment=\u00bbdefault\u00bb phone_text_alignment=\u00bbdefault\u00bb column_border_width=\u00bbnone\u00bb column_border_style=\u00bbsolid\u00bb bg_image_animation=\u00bbnone\u00bb][divider line_type=\u00bbNo Line\u00bb custom_height=\u00bb10&#8243;][vc_column_text]<span style=\"font-weight: 400;\">Investigu\u00e9 un poco y descubr\u00ed que m\u00e1s de 300 millones de mujeres en todo el mundo se han sometido a ligaduras de trompas, seis veces el n\u00famero de hombres que se someten a vasectom\u00edas, y aunque ambas opciones son excelentes para prevenir el embarazo, las fallas tub\u00e1ricas pueden provocar embarazos ect\u00f3picos, una de las principales causas de mortalidad materna. Una vasectom\u00eda fallida da como resultado un embarazo normal. No es lo que esperamos, pero ciertamente es mejor que la muerte.<\/span>[\/vc_column_text][\/vc_column][vc_column column_padding=\u00bbno-extra-padding\u00bb column_padding_position=\u00bball\u00bb background_color_opacity=\u00bb1&#8243; background_hover_color_opacity=\u00bb1&#8243; column_link_target=\u00bb_self\u00bb column_shadow=\u00bbnone\u00bb column_border_radius=\u00bbnone\u00bb width=\u00bb1\/2&#8243; tablet_width_inherit=\u00bbdefault\u00bb tablet_text_alignment=\u00bbdefault\u00bb phone_text_alignment=\u00bbdefault\u00bb column_border_width=\u00bbnone\u00bb column_border_style=\u00bbsolid\u00bb bg_image_animation=\u00bbnone\u00bb][image_with_animation image_url=\u00bb9645&#8243; alignment=\u00bbcenter\u00bb animation=\u00bbFade In\u00bb border_radius=\u00bbnone\u00bb box_shadow=\u00bbnone\u00bb max_width=\u00bb75%\u00bb][\/vc_column][\/vc_row][vc_row type=\u00bbin_container\u00bb full_screen_row_position=\u00bbmiddle\u00bb scene_position=\u00bbcenter\u00bb text_color=\u00bbdark\u00bb text_align=\u00bbleft\u00bb overlay_strength=\u00bb0.3&#8243; shape_divider_position=\u00bbbottom\u00bb bg_image_animation=\u00bbnone\u00bb][vc_column column_padding=\u00bbno-extra-padding\u00bb column_padding_position=\u00bball\u00bb background_color_opacity=\u00bb1&#8243; background_hover_color_opacity=\u00bb1&#8243; column_link_target=\u00bb_self\u00bb column_shadow=\u00bbnone\u00bb column_border_radius=\u00bbnone\u00bb width=\u00bb1\/1&#8243; tablet_width_inherit=\u00bbdefault\u00bb tablet_text_alignment=\u00bbdefault\u00bb phone_text_alignment=\u00bbdefault\u00bb column_border_width=\u00bbnone\u00bb column_border_style=\u00bbsolid\u00bb bg_image_animation=\u00bbnone\u00bb][vc_column_text]<span style=\"font-weight: 400;\">Uno pensar\u00eda que una vasectom\u00eda para hombres que ya no desean tener hijos ser\u00eda una obviedad. Pero, si la l\u00f3gica, la culpa o la justicia pudieran influir en un hombre, ser\u00edamos de Venus, no de Marte, y mucho menos de la Tierra. El idioma kiswahili usa la misma palabra para \u00abvasectom\u00eda\u00bb y \u00abcastraci\u00f3n\u00bb y, por extremo que parezca, resume lo que los hombres creen en todas partes. <\/span>\n          <\/p>\n<p>\n            <span style=\"font-weight: 400;\">Y no solo hombres. Muchas mujeres estar\u00edan de acuerdo con mi amiga, quien sinti\u00f3 que una vasectom\u00eda cambiar\u00eda el estado de un hombre de macho alfa a alfa-lite. Yo tambi\u00e9n era resistente y, aunque apenas pod\u00eda manejar el costo y la responsabilidad de cuidar a los ni\u00f1os que ya ten\u00eda, todav\u00eda ten\u00eda miedo de renunciar a mi fertilidad. Para ser honesto, no era tanto que quisiera tener m\u00e1s hijos, sino que ten\u00eda miedo de que un d\u00eda conociera al amor de mi vida y ella lo hiciera.<\/span>\n          <\/p>\n<p><span style=\"font-weight: 400;\">El primer eslogan oficial de WVD<\/span>&#8211;<b>Bolas en la l\u00ednea para la Madre Tierra<\/b> <span style=\"font-weight: 400;\">&#8211; enfatiz\u00f3 la importancia ambiental de la planificaci\u00f3n familiar, pero con toda honestidad, la poblaci\u00f3n es un tema complejo que requiere una conversaci\u00f3n extremadamente matizada que est\u00e1 m\u00e1s all\u00e1 del razonamiento o inter\u00e9s de la mayor\u00eda de las personas que consideran una vasectom\u00eda. Tambi\u00e9n estaba la cuesti\u00f3n de los derechos humanos y una historia en planificaci\u00f3n familiar que incluye algunos ejemplos horribles de esterilizaci\u00f3n forzada. <\/span><\/p>\n<p>\n          <span style=\"font-weight: 400;\">La respuesta de Doug con respecto al eslogan fue que una vasectom\u00eda no tiene nada que ver con tus bolas. Mi madre simplemente estaba avergonzada por la camiseta. <\/span>[\/vc_column_text][\/vc_column][\/vc_row][vc_row type=\u00bbin_container\u00bb full_screen_row_position=\u00bbmiddle\u00bb scene_position=\u00bbcenter\u00bb text_color=\u00bbdark\u00bb text_align=\u00bbleft\u00bb overlay_strength=\u00bb0.3&#8243; shape_divider_position=\u00bbbottom\u00bb bg_image_animation=\u00bbnone\u00bb][vc_column column_padding=\u00bbno-extra-padding\u00bb column_padding_position=\u00bball\u00bb background_color_opacity=\u00bb1&#8243; background_hover_color_opacity=\u00bb1&#8243; column_link_target=\u00bb_self\u00bb column_shadow=\u00bbnone\u00bb column_border_radius=\u00bbnone\u00bb width=\u00bb1\/1&#8243; tablet_width_inherit=\u00bbdefault\u00bb tablet_text_alignment=\u00bbdefault\u00bb phone_text_alignment=\u00bbdefault\u00bb column_border_width=\u00bbnone\u00bb column_border_style=\u00bbsolid\u00bb bg_image_animation=\u00bbnone\u00bb][image_with_animation image_url=\u00bb9647&#8243; alignment=\u00bbcenter\u00bb animation=\u00bbFade In\u00bb border_radius=\u00bbnone\u00bb box_shadow=\u00bbnone\u00bb max_width=\u00bb75%\u00bb][\/vc_column][\/vc_row][vc_row type=\u00bbin_container\u00bb full_screen_row_position=\u00bbmiddle\u00bb scene_position=\u00bbcenter\u00bb text_color=\u00bbdark\u00bb text_align=\u00bbleft\u00bb overlay_strength=\u00bb0.3&#8243; shape_divider_position=\u00bbbottom\u00bb bg_image_animation=\u00bbnone\u00bb][vc_column column_padding=\u00bbno-extra-padding\u00bb column_padding_position=\u00bball\u00bb background_color_opacity=\u00bb1&#8243; background_hover_color_opacity=\u00bb1&#8243; column_link_target=\u00bb_self\u00bb column_shadow=\u00bbnone\u00bb column_border_radius=\u00bbnone\u00bb width=\u00bb1\/1&#8243; tablet_width_inherit=\u00bbdefault\u00bb tablet_text_alignment=\u00bbdefault\u00bb phone_text_alignment=\u00bbdefault\u00bb column_border_width=\u00bbnone\u00bb column_border_style=\u00bbsolid\u00bb bg_image_animation=\u00bbnone\u00bb][vc_column_text]<span style=\"font-weight: 400;\">El miedo y la buena informaci\u00f3n pueden hacer que un hombre use un cond\u00f3n, pero para tener \u00e9xito, WVD necesitaba historias convincentes y buena informaci\u00f3n para ayudar a los hombres a tomar decisiones informadas que contrarresten mitos y conceptos err\u00f3neos profundamente arraigados. Afortunadamente, no hay escasez de ellos, por lo que en el segundo a\u00f1o, cuando cambiamos nuestro eslogan a \u00ab<\/span><i><span style=\"font-weight: 400;\">Celebrando a los Hombres Responsables\u00bb,<\/span><\/i> <span style=\"font-weight: 400;\">nuestro movimiento despeg\u00f3.<\/span> <\/p>\n<p><span style=\"font-weight: 400;\">Dondequiera que vaya WVD, nos encontramos con muchos padres, como George en Kenia, que viajan cientos de millas para someterse al procedimiento para sus esposas, y muchos m\u00e1s que lo hacen para ayudar a sus hijos a salir de la pobreza. Para estos hombres, su sentido de autoestima no es un reflejo de cu\u00e1ntos hijos m\u00e1s pueden tener, sino de lo bien que hacen al criar a los que ya tienen.<\/span><\/p>\n<p><span style=\"font-weight: 400;\">En WVD, no decidimos qui\u00e9n debe o no debe realizarse una vasectom\u00eda, pero insistimos en que sea voluntaria, que el paciente est\u00e9 bien informado y que hagamos nuestra parte para garantizar un procedimiento de la m\u00e1s alta calidad posible. Las vasectom\u00edas son permanentes y, como tales, son mejor consideradas por hombres cuyas familias est\u00e1n completas. Hay hombres de 20 a\u00f1os que saben que nunca querr\u00e1n tener hijos y hay hombres de 50 a\u00f1os que todav\u00eda los quieren. Conoc\u00ed a un veterano de Guerra afgano hu\u00e9rfano de padre de 22 a\u00f1os que pregunt\u00f3:<\/span><i><span style=\"font-weight: 400;\">\u00bfPor qu\u00e9 se me considera lo suficientemente mayor como para morir o matar por mi pa\u00eds, pero no lo suficientemente mayor como para decidir no tener hijos?<\/span><\/i><span style=\"font-weight: 400;\">\u00abDoug sugiri\u00f3 que conservara su esperma.<\/span><\/p>\n<p><span style=\"font-weight: 400;\">Reconocemos que hay una posibilidad muy peque\u00f1a de que una vasectom\u00eda pueda causar dolor duradero, y ciertamente tenemos una gran simpat\u00eda por estos hombres. El hecho es que todos los m\u00e9todos anticonceptivos conllevan alg\u00fan elemento de riesgo, pero arriesgar sus vidas para tener hijos, o no tener hijos, es lo que las mujeres hacen durante una buena parte de sus vidas. Huir del riesgo de embarazo no hace que desaparezca, solo pone la carga por completo en las mujeres. <\/span><\/p>\n<p><span style=\"font-weight: 400;\">A pesar de todos nuestros esfuerzos por inspirar a los hombres, no fue hasta que empoderamos a los m\u00e9dicos que nuestro movimiento realmente despeg\u00f3. Proporcionar vasectom\u00edas no es f\u00e1cil ni siempre se acepta, pero mientras haya m\u00e9dicos calificados que ofrezcan atenci\u00f3n de calidad a un precio asequible y que crean apasionadamente en su misi\u00f3n, un programa crecer\u00e1 con el tiempo. Hoy, con m\u00e1s de 1,000 proveedores participantes en m\u00e1s de 40 pa\u00edses, estamos orgullosos de ser el evento de planificaci\u00f3n familiar orientado a los hombres m\u00e1s grande de la historia y creemos que lo mejor est\u00e1 por venir.<\/span><\/p>\n<p><span style=\"font-weight: 400;\">Lo que aprendimos al crear el D\u00eda Mundial de la Vasectom\u00eda es un buen augurio para la humanidad.. Los hombres, padres o no, revelan lo mejor de quienes somos cuando trabajamos juntos para servir a un prop\u00f3sito mayor, uno que nos honra a nosotros mismos, a nuestros hijos y a las mujeres en nuestras vidas, mientras protegemos nuestro futuro y el del planeta que habitamos. La portada de todos los peri\u00f3dicos del mundo est\u00e1 llena de historias de hombres que hacen el mal. WVD es la historia de hombres que hacen lo correcto.<\/span>[\/vc_column_text][\/vc_column][\/vc_row][vc_row type=\u00bbin_container\u00bb full_screen_row_position=\u00bbmiddle\u00bb scene_position=\u00bbcenter\u00bb text_color=\u00bbdark\u00bb text_align=\u00bbleft\u00bb overlay_strength=\u00bb0.3&#8243; shape_divider_position=\u00bbbottom\u00bb bg_image_animation=\u00bbnone\u00bb][vc_column column_padding=\u00bbno-extra-padding\u00bb column_padding_position=\u00bball\u00bb background_color_opacity=\u00bb1&#8243; background_hover_color_opacity=\u00bb1&#8243; column_link_target=\u00bb_self\u00bb column_shadow=\u00bbnone\u00bb column_border_radius=\u00bbnone\u00bb width=\u00bb1\/1&#8243; tablet_width_inherit=\u00bbdefault\u00bb tablet_text_alignment=\u00bbdefault\u00bb phone_text_alignment=\u00bbdefault\u00bb column_border_width=\u00bbnone\u00bb column_border_style=\u00bbsolid\u00bb bg_image_animation=\u00bbnone\u00bb][heading]\n<h3>\n            <span style=\"font-weight: 400;\">PS. Poco despu\u00e9s de WVD 2013, me hice la vasectom\u00eda. Fue la decisi\u00f3n m\u00e1s consciente, compasiva y sabia de mi vida. Gracias, Doug!<\/span><br \/>\n          <\/h3>\n<h2>\n            <span style=\"color: #33cccc;\"><br \/>\n              <b><br \/>\n                <i>Nos enorgullece anunciar que la sede oficial del D\u00eda Mundial de la Vasectom\u00eda 2023 es Bolivia, Am\u00e9rica del Sur<\/i><br \/>\n              <\/b><br \/>\n            <\/span><br \/>\n          <\/h2>\n[\/heading][\/vc_column][\/vc_row][vc_row type=\u00bbin_container\u00bb full_screen_row_position=\u00bbmiddle\u00bb scene_position=\u00bbcenter\u00bb text_color=\u00bbdark\u00bb text_align=\u00bbleft\u00bb overlay_strength=\u00bb0.3&#8243; shape_divider_position=\u00bbbottom\u00bb bg_image_animation=\u00bbnone\u00bb][vc_column column_padding=\u00bbno-extra-padding\u00bb column_padding_position=\u00bball\u00bb background_color_opacity=\u00bb1&#8243; background_hover_color_opacity=\u00bb1&#8243; column_link_target=\u00bb_self\u00bb column_shadow=\u00bbnone\u00bb column_border_radius=\u00bbnone\u00bb width=\u00bb1\/1&#8243; tablet_width_inherit=\u00bbdefault\u00bb tablet_text_alignment=\u00bbdefault\u00bb phone_text_alignment=\u00bbdefault\u00bb column_border_width=\u00bbnone\u00bb column_border_style=\u00bbsolid\u00bb bg_image_animation=\u00bbnone\u00bb][heading]\n<h3>\n            <strong>\u00a1Viva el D\u00eda Mundial de la Vasectom\u00eda y feliz D\u00eda del Padre para todos!<\/strong><br \/>\n          <\/h3>\n<h1 style=\"text-align: center;\"><\/h1>\n[\/heading][\/vc_column][\/vc_row]\n","protected":false},"excerpt":{"rendered":"<p>[vc_row type=\u00bbin_container\u00bb full_screen_row_position=\u00bbmiddle\u00bb scene_position=\u00bbcenter\u00bb text_color=\u00bbdark\u00bb text_align=\u00bbleft\u00bb overlay_strength=\u00bb0.3&#8243; shape_divider_position=\u00bbbottom\u00bb bg_image_animation=\u00bbnone\u00bb][vc_column column_padding=\u00bbno-extra-padding\u00bb column_padding_position=\u00bball\u00bb background_color_opacity=\u00bb1&#8243; background_hover_color_opacity=\u00bb1&#8243; column_link_target=\u00bb_self\u00bb column_shadow=\u00bbnone\u00bb column_border_radius=\u00bbnone\u00bb width=\u00bb2\/3&#8243; tablet_width_inherit=\u00bbdefault\u00bb tablet_text_alignment=\u00bbdefault\u00bb phone_text_alignment=\u00bbdefault\u00bb column_border_width=\u00bbnone\u00bb column_border_style=\u00bbsolid\u00bb bg_image_animation=\u00bbnone\u00bb][divider line_type=\u00bbNo Line\u00bb][vc_column_text] En 2012, el cineasta Jonathan&#8230;<\/p>\n","protected":false},"author":15,"featured_media":10585,"comment_status":"closed","ping_status":"closed","sticky":false,"template":"","format":"standard","meta":{"footnotes":""},"categories":[79],"tags":[],"class_list":{"0":"post-9730","1":"post","2":"type-post","3":"status-publish","4":"format-standard","5":"has-post-thumbnail","7":"category-blogs-es"},"_links":{"self":[{"href":"https:\/\/wvd.org\/es\/wp-json\/wp\/v2\/posts\/9730","targetHints":{"allow":["GET"]}}],"collection":[{"href":"https:\/\/wvd.org\/es\/wp-json\/wp\/v2\/posts"}],"about":[{"href":"https:\/\/wvd.org\/es\/wp-json\/wp\/v2\/types\/post"}],"author":[{"embeddable":true,"href":"https:\/\/wvd.org\/es\/wp-json\/wp\/v2\/users\/15"}],"replies":[{"embeddable":true,"href":"https:\/\/wvd.org\/es\/wp-json\/wp\/v2\/comments?post=9730"}],"version-history":[{"count":0,"href":"https:\/\/wvd.org\/es\/wp-json\/wp\/v2\/posts\/9730\/revisions"}],"wp:featuredmedia":[{"embeddable":true,"href":"https:\/\/wvd.org\/es\/wp-json\/wp\/v2\/media\/10585"}],"wp:attachment":[{"href":"https:\/\/wvd.org\/es\/wp-json\/wp\/v2\/media?parent=9730"}],"wp:term":[{"taxonomy":"category","embeddable":true,"href":"https:\/\/wvd.org\/es\/wp-json\/wp\/v2\/categories?post=9730"},{"taxonomy":"post_tag","embeddable":true,"href":"https:\/\/wvd.org\/es\/wp-json\/wp\/v2\/tags?post=9730"}],"curies":[{"name":"wp","href":"https:\/\/api.w.org\/{rel}","templated":true}]}}