{"id":3894,"date":"2019-12-07T15:05:52","date_gmt":"2019-12-07T15:05:52","guid":{"rendered":"https:\/\/wvd.org\/wvd-2019-bogota\/"},"modified":"2019-12-07T15:05:52","modified_gmt":"2019-12-07T15:05:52","slug":"wvd-2019-bogota","status":"publish","type":"post","link":"https:\/\/wvd.org\/es\/wvd-2019-bogota\/","title":{"rendered":"WVD 2019 &#8211; Bogot\u00e1"},"content":{"rendered":"<p><span style=\"font-weight: 400;\">Todo el mes de noviembre, la van-sectom\u00eda estuvo recorriendo las calles de Bogot\u00e1, la capital de Colombia. A la vuelta del recorrido que llev\u00f3 el mensaje del WVD a distintas ciudades de Colombia, el 8 de noviembre el equipo inaugur\u00f3 las actividades en Bogot\u00e1 con una activaci\u00f3n en la Cl\u00ednica Piloto de Profamilia a la que asistieron aproximadamente 200 personas. A la llegada de la van, el equipo de Profamilia sac\u00f3 sus banderas, canciones y bailes a la calle para dejar por lo alto esta celebraci\u00f3n de la salud sexual y reproductiva masculina.<\/span><\/p>\n<p>&nbsp;<\/p>\n<p><span style=\"font-weight: 400;\">En los d\u00edas que siguieron a esta activaci\u00f3n, la van se dedic\u00f3 a generar escenarios de encuentro con los habitantes de distintos barrios de la capital. Desde el 11 hasta el 17 de noviembre, estuvimos en localidades como Quirigua, Kennedy y Tunjuelito, y en centros comerciales como Plaza 80, Ciudad Tunal y Paseo Real de Ch\u00eda. <\/span><\/p>\n<p>&nbsp;<\/p>\n<p><span style=\"font-weight: 400;\">En el Centro Comercial Ciudad nuestro equipo organiz\u00f3 una llamada virtual con Canad\u00e1 para sintonizarse con el Dr. Michel Labrecque y compartir en vivo y en directo una vasectom\u00eda real. Esto signific\u00f3 para los hombres y mujeres presentes, resolver dudas, miedos y mitos sobre el procedimiento <\/span><\/p>\n<p>&nbsp;<\/p>\n<p><span style=\"font-weight: 400;\">Adicionalmente, en Bogot\u00e1 llevamos la cl\u00ednica virtual de vasectom\u00edas a empresas de transporte, organizaciones sociales y pueblos aleda\u00f1os.<\/span><\/p>\n<p>&nbsp;<\/p>\n<p><span style=\"font-weight: 400;\">Finalmente, la \u00faltima parada de la van se hizo en la Feria de la Salud Sexual y<\/span><span style=\"font-weight: 400;\">Reproductiva Masculina<\/span><span style=\"font-weight: 400;\"> un espacio pedag\u00f3gico, educativo y de promoci\u00f3n de la anticoncepci\u00f3n que tuvo lugar el 17 de noviembre en el lugar emblem\u00e1tico de Bogot\u00e1 \u201cParque de los Novios\u201d. All\u00ed, recibimos la participaci\u00f3n de aproximadamente 900 personas que disfrutaron de la cl\u00ednica virtual de vasectom\u00edas, de asesor\u00edas gratuitas en salud sexual y reproductiva por parte de Profamilia y de actividades como clases de zumba, show de perros entrenados, bailes, grupos musicales, entre otros.<\/span><\/p>\n<p>&nbsp;<\/p>\n","protected":false},"excerpt":{"rendered":"<p>Todo el mes de noviembre, la van-sectom\u00eda estuvo recorriendo las calles de Bogot\u00e1, la capital de Colombia. A la vuelta del recorrido que llev\u00f3 el mensaje del WVD a distintas&#8230;<\/p>\n","protected":false},"author":1,"featured_media":0,"comment_status":"open","ping_status":"closed","sticky":false,"template":"","format":"standard","meta":{"footnotes":""},"categories":[14],"tags":[],"class_list":{"0":"post-3894","1":"post","2":"type-post","3":"status-publish","4":"format-standard","6":"category-blog"},"_links":{"self":[{"href":"https:\/\/wvd.org\/es\/wp-json\/wp\/v2\/posts\/3894","targetHints":{"allow":["GET"]}}],"collection":[{"href":"https:\/\/wvd.org\/es\/wp-json\/wp\/v2\/posts"}],"about":[{"href":"https:\/\/wvd.org\/es\/wp-json\/wp\/v2\/types\/post"}],"author":[{"embeddable":true,"href":"https:\/\/wvd.org\/es\/wp-json\/wp\/v2\/users\/1"}],"replies":[{"embeddable":true,"href":"https:\/\/wvd.org\/es\/wp-json\/wp\/v2\/comments?post=3894"}],"version-history":[{"count":0,"href":"https:\/\/wvd.org\/es\/wp-json\/wp\/v2\/posts\/3894\/revisions"}],"wp:attachment":[{"href":"https:\/\/wvd.org\/es\/wp-json\/wp\/v2\/media?parent=3894"}],"wp:term":[{"taxonomy":"category","embeddable":true,"href":"https:\/\/wvd.org\/es\/wp-json\/wp\/v2\/categories?post=3894"},{"taxonomy":"post_tag","embeddable":true,"href":"https:\/\/wvd.org\/es\/wp-json\/wp\/v2\/tags?post=3894"}],"curies":[{"name":"wp","href":"https:\/\/api.w.org\/{rel}","templated":true}]}}