{"id":2617,"date":"2023-06-16T20:20:21","date_gmt":"2023-06-17T02:20:21","guid":{"rendered":"https:\/\/www.worldvasectomyday.org\/el-dia-mundial-de-la-vasectomia-llega-a-colombia\/"},"modified":"2023-08-03T21:22:30","modified_gmt":"2023-08-04T03:22:30","slug":"el-dia-mundial-de-la-vasectomia-llega-a-colombia","status":"publish","type":"post","link":"https:\/\/wvd.org\/es\/el-dia-mundial-de-la-vasectomia-llega-a-colombia\/","title":{"rendered":"El D\u00eda Mundial de la Vasectom\u00eda llega a Colombia!"},"content":{"rendered":"<p>El 2019 ha llegado y ya est\u00e1n en marcha los preparativos para el que ser\u00e1 nuestro evento m\u00e1s grande y ambicioso.<\/p>\n<p>No importa como los llamemos: resoluciones, afirmaciones o simplemente nuestro compromiso de construir un movimiento m\u00e1s inteligente y poderoso, pero esto es lo que pretendemos lograr:<\/p>\n<p>Aprovechando este impulso emocionante, WVD tiene su sede en 2019 en Colombia, Am\u00e9rica del Sur para lanzar su evento m\u00e1s ambicioso. WVD se enorgullece de asociarse con Profamilia, el l\u00edder del pa\u00eds en planificaci\u00f3n familiar y el mayor proveedor de vasectom\u00edas en toda Am\u00e9rica del Sur. Liderado por su directora ejecutiva Marta Royo, Profamilia y sus 28 cl\u00ednicas repartidas por todo el pa\u00eds establecen un est\u00e1ndar de excelencia en la atenci\u00f3n, no solo en Colombia, sino en todo el continente y m\u00e1s all\u00e1.<\/p>\n<p>Colombia is also where the first vasectomy was performed in South America, and the first country to adopt the no-scalpel vasectomy technique. Hoy, el programa de Profamilia contin\u00faa prosperando bajo el liderazgo de la Dra. Diana Torres, quien es personalmente responsable de m\u00e1s de 30,000 vasectom\u00edas y la capacitaci\u00f3n de docenas de otros m\u00e9dicos. Con un lider regional tan poderoso para la base de WVD, se presenta una oportunidad oportuna para apuntar espec\u00edficamente a todo el Hemisferio Occidental, adem\u00e1s de otras redes globales y de medios existentes.<\/p>\n<p>&nbsp;<\/p>\n<p><strong>COLOMBIA<\/strong><\/p>\n<p>&nbsp;<\/p>\n<p>Gracias a la excelencia de Profamilia, WVD estar\u00e1 listo para proporcionar m\u00e1s vasectom\u00edas, crear m\u00e1s conciencia y capacitar a m\u00e1s m\u00e9dicos que nunca.<\/p>\n<p>Los temas de WVD de \u00abHombres Responsables\u00bb y \u00abActos de Amor\u00bb se incorporar\u00e1n a la campa\u00f1a nacional posterior al conflicto de Colombia. WVD, como un programa de narraci\u00f3n de cuentos, presenta narrativas personales positivas que unen a los hombres a trav\u00e9s de divisiones ideol\u00f3gicas, raciales y culturales. Esta alineaci\u00f3n hace eco de los objetivos generales de WVD de fomentar la masculinidad positiva, y es una dimensi\u00f3n que estamos ansiosos por fortalecer en asociaci\u00f3n con Colombia.<\/p>\n<p>WVD colaborar\u00e1 con \u201c<em>Historias en Kil\u00f3metros\u201d <\/em><em>, <\/em>una organizaci\u00f3n de medios colombiana, para capacitar a m\u00e1s de 100 j\u00f3venes cineastas en todo el pa\u00eds. Sus historias ser\u00e1n compartidas tanto en Colombia como en toda Am\u00e9rica Latina.<\/p>\n<p>WVD dar\u00e1 los primeros pasos hacia un Centro del D\u00eda Mundial de la Vasectom\u00eda para la Excelencia en la Anticoncepci\u00f3n Masculina. Trabajando de la mano con nuestro equipo t\u00e9cnico y socios en No-Scalpel Vasectomy International (NSVI), y el <em>Fonds Michel-Labrecque en sant\u00e9 reproductive masculine<\/em> de la <em>Fondation de l\u2019Universit\u00e9 Laval<\/em>, Quebec City, Canada, este centro ser\u00e1 el \u00fanico programa de capacitaci\u00f3n en el mundo que ofrecer\u00e1 actividades de creaci\u00f3n de capacidad de prestaci\u00f3n de servicios y de sensibilizaci\u00f3n, junto con la pr\u00e1ctica cl\u00ednica y la investigaci\u00f3n.<\/p>\n<p>&nbsp;<\/p>\n<p><strong>HEMISFERIO OCCIDENTAL<\/strong><\/p>\n<p>&nbsp;<\/p>\n<p>Expandi\u00e9ndose m\u00e1s all\u00e1 de un solo d\u00eda o un solo pa\u00eds, WVD 2019 ser\u00e1 una celebraci\u00f3n hemisf\u00e9rica con actividades en Am\u00e9rica del Norte, del Sur y Central. Junto a la sede principal para 2019 en Bogot\u00e1, habr\u00e1 centros de actividades importantes en la Ciudad de M\u00e9xico, M\u00e9xico; Puerto Pr\u00edncipe, Hait\u00ed; Nueva York, Tampa, Boston y Seattle, Estados Unidos; Antigua, Guatemala y la ciudad de Quebec, Canad\u00e1. WVD se esforzar\u00e1 por tener actividades en cada uno de los 34 pa\u00edses del hemisferio occidental.<\/p>\n<p>WVD cultivar\u00e1 la conectividad intercultural durante un viaje de un a\u00f1o, para de generaci\u00f3n de demanda Norte-Sur y de concientizaci\u00f3n para generar Compromiso Masculino Positivo. En una unidad de medios m\u00f3viles de estilo RV, WVD visitar\u00e1 hasta 12 pa\u00edses, brindando informaci\u00f3n a trav\u00e9s de videos, inscribiendo personas para procedimientos o brindando servicios de apoyo, cuando corresponda. El viaje se lanzar\u00e1 desde Canad\u00e1 y finalizar\u00e1 en Bogot\u00e1, Colombia, para la celebraci\u00f3n de WVD 2019.<\/p>\n<p>En Nueva York y Nueva Jersey, WVD lanzar\u00e1 la primera Cl\u00ednica de vasectom\u00eda emergente, que tendr\u00e1 lugar el D\u00eda de San Valent\u00edn, el fin de semana de las Finales de la Locura de Marzo y el D\u00eda del Padre. Estas cl\u00ednicas de WVD ser\u00e1n el primer paso para crear una fuente sostenible de financiamiento para nuestras campa\u00f1as globales.<\/p>\n<p>Trabajando con el Dr. Gianni DeCastro de Profamil en Hait\u00ed y el Dr. Michel Labrecque de la Universidad Laval de Quebec, WVD se basar\u00e1 en el exitoso programa FP2020 en Puerto Pr\u00edncipe durante 2018.<\/p>\n<p>&nbsp;<\/p>\n<p><strong>GLOBAL<\/strong><\/p>\n<p>&nbsp;<\/p>\n<p>WVD continuar\u00e1 apoyando a sus socios en todo el mundo para involucrar a m\u00e1s m\u00e9dicos en m\u00e1s pa\u00edses. Esto incluye compartir videos e intercambiar conocimientos.<\/p>\n<p>WVD escalar\u00e1 su marco piloto de ocho pasos basado en evidencia para un programa de vasectom\u00eda sostenible mediante el subsidio de hasta cuatro programas al a\u00f1o en pa\u00edses de bajos recursos con bajas tasas de aceptaci\u00f3n de vasectom\u00eda. Dependiendo del hallazgo, WVD se esforzar\u00e1 por mantener este apoyo por hasta cinco a\u00f1os para asegurar la sostenibilidad y la calidad de los programas.<\/p>\n<p>WVD se asociar\u00e1 con otras organizaciones no gubernamentales importantes para llegar a nuevos pa\u00edses, iniciar conversaciones y ampliar la prestaci\u00f3n de servicios, incluidos IPPF, MSI y sus afiliados locales.<\/p>\n<p>WVD se asociar\u00e1 con el<em>Fonds Michel-Labrecque en sant\u00e9 reproductive masculine<\/em> de la<em>Fondation de l\u2019Universit\u00e9 Laval<\/em>, Quebec City, Canada, para desarrollar un curso te\u00f3rico y pr\u00e1ctico de vasectom\u00eda en l\u00ednea.<\/p>\n<p>&nbsp;<\/p>\n<p><strong>MEDIOS<\/strong><\/p>\n<p>&nbsp;<\/p>\n<p>Producir\u00e1 contenido viral trabajando con narradores de base.<\/p>\n<p>Desarrollar estrategias de realidad virtual para aliviar la experiencia de la vasectom\u00eda y mitigar los temores y las ansiedades.<\/p>\n<p>Desarrollar realidad asistida para ser utilizada en la capacitaci\u00f3n de proveedores de vasectom\u00eda.<\/p>\n<p>Producir una serie de animaci\u00f3n para educar a los hombres sobre las opciones familiares para las mujeres.<\/p>\n<p>Crear el juego basado en dispositivos m\u00f3viles \u00abSperm Ninja\u00bb para generar conciencia sobre la planificaci\u00f3n familiar entre los j\u00f3venes.<\/p>\n<p>Completar un video sobre el futuro de la anticoncepci\u00f3n masculina.<\/p>\n<p>&nbsp;<\/p>\n<p><strong>INVESTIGACI\u00d3N y DATOS<\/strong><\/p>\n<p>&nbsp;<\/p>\n<p>Los objetivos de WVD para 2019 incluyen el desarrollo de una serie de herramientas para agregar y analizar datos de la siguiente manera:<\/p>\n<p>Datos como evidencia: dise\u00f1ar una aplicaci\u00f3n para distribuir entre nuestros m\u00e9dicos para agregar datos en tiempo real y crear una evaluaci\u00f3n aprobada por el IRB del contenido y mensajes de WVD.<\/p>\n<p>Datos como Narrativa: integrar la agregaci\u00f3n de datos en las campa\u00f1as de generaci\u00f3n de demanda y de sensibilizaci\u00f3n<\/p>\n<p>Datos como Arte: desarrolle infograf\u00edas art\u00edsticas y coloridos dise\u00f1os digitales para aumentar el atractivo y la comprensi\u00f3n de los datos para un p\u00fablico amplio.<\/p>\n<p>En 2019, el D\u00eda Mundial de la Vasectom\u00eda est\u00e1 listo para un crecimiento exponencial. A trav\u00e9s de esfuerzos dedicados en Colombia, el Hemisferio Occidental y el mundo, utilizando medios y datos, WVD continuar\u00e1 fomentando una masculinidad responsable y uni\u00e9ndose en torno a este movimiento para una masculinidad positiva.<\/p>\n","protected":false},"excerpt":{"rendered":"<p>El 2019 ha llegado y ya est\u00e1n en marcha los preparativos para el que ser\u00e1 nuestro evento m\u00e1s grande y ambicioso. No importa como los llamemos: resoluciones, afirmaciones o simplemente&#8230;<\/p>\n","protected":false},"author":1,"featured_media":1571,"comment_status":"closed","ping_status":"closed","sticky":false,"template":"","format":"standard","meta":{"footnotes":""},"categories":[79],"tags":[],"class_list":{"0":"post-2617","1":"post","2":"type-post","3":"status-publish","4":"format-standard","5":"has-post-thumbnail","7":"category-blogs-es"},"_links":{"self":[{"href":"https:\/\/wvd.org\/es\/wp-json\/wp\/v2\/posts\/2617","targetHints":{"allow":["GET"]}}],"collection":[{"href":"https:\/\/wvd.org\/es\/wp-json\/wp\/v2\/posts"}],"about":[{"href":"https:\/\/wvd.org\/es\/wp-json\/wp\/v2\/types\/post"}],"author":[{"embeddable":true,"href":"https:\/\/wvd.org\/es\/wp-json\/wp\/v2\/users\/1"}],"replies":[{"embeddable":true,"href":"https:\/\/wvd.org\/es\/wp-json\/wp\/v2\/comments?post=2617"}],"version-history":[{"count":0,"href":"https:\/\/wvd.org\/es\/wp-json\/wp\/v2\/posts\/2617\/revisions"}],"wp:featuredmedia":[{"embeddable":true,"href":"https:\/\/wvd.org\/es\/wp-json\/wp\/v2\/media\/1571"}],"wp:attachment":[{"href":"https:\/\/wvd.org\/es\/wp-json\/wp\/v2\/media?parent=2617"}],"wp:term":[{"taxonomy":"category","embeddable":true,"href":"https:\/\/wvd.org\/es\/wp-json\/wp\/v2\/categories?post=2617"},{"taxonomy":"post_tag","embeddable":true,"href":"https:\/\/wvd.org\/es\/wp-json\/wp\/v2\/tags?post=2617"}],"curies":[{"name":"wp","href":"https:\/\/api.w.org\/{rel}","templated":true}]}}