{"id":15344,"date":"2025-07-09T15:53:48","date_gmt":"2025-07-09T21:53:48","guid":{"rendered":"https:\/\/wvd.org\/noticias-y-novedades-lac-4\/"},"modified":"2025-07-09T15:53:49","modified_gmt":"2025-07-09T21:53:49","slug":"noticias-y-novedades-lac-4","status":"publish","type":"post","link":"https:\/\/wvd.org\/es\/noticias-y-novedades-lac-4\/","title":{"rendered":"Noticias y novedades &#8211; LAC"},"content":{"rendered":"[vc_row type=\u00bbin_container\u00bb full_screen_row_position=\u00bbmiddle\u00bb column_margin=\u00bbdefault\u00bb column_direction=\u00bbdefault\u00bb column_direction_tablet=\u00bbdefault\u00bb column_direction_phone=\u00bbdefault\u00bb scene_position=\u00bbcenter\u00bb text_color=\u00bbdark\u00bb text_align=\u00bbleft\u00bb row_border_radius=\u00bbnone\u00bb row_border_radius_applies=\u00bbbg\u00bb overflow=\u00bbvisible\u00bb overlay_strength=\u00bb0.3&#8243; gradient_direction=\u00bbleft_to_right\u00bb shape_divider_position=\u00bbbottom\u00bb bg_image_animation=\u00bbnone\u00bb][vc_column column_padding=\u00bbno-extra-padding\u00bb column_padding_tablet=\u00bbinherit\u00bb column_padding_phone=\u00bbinherit\u00bb column_padding_position=\u00bball\u00bb column_element_direction_desktop=\u00bbdefault\u00bb column_element_spacing=\u00bbdefault\u00bb desktop_text_alignment=\u00bbdefault\u00bb tablet_text_alignment=\u00bbdefault\u00bb phone_text_alignment=\u00bbdefault\u00bb background_color_opacity=\u00bb1&#8243; background_hover_color_opacity=\u00bb1&#8243; column_backdrop_filter=\u00bbnone\u00bb column_shadow=\u00bbnone\u00bb column_border_radius=\u00bbnone\u00bb column_link_target=\u00bb_self\u00bb column_position=\u00bbdefault\u00bb gradient_direction=\u00bbleft_to_right\u00bb overlay_strength=\u00bb0.3&#8243; width=\u00bb1\/1&#8243; tablet_width_inherit=\u00bbdefault\u00bb animation_type=\u00bbdefault\u00bb bg_image_animation=\u00bbnone\u00bb border_type=\u00bbsimple\u00bb column_border_width=\u00bbnone\u00bb column_border_style=\u00bbsolid\u00bb][divider line_type=\u00bbFull Width Line\u00bb line_thickness=\u00bb2&#8243; divider_color=\u00bbextra-color-1&#8243; custom_height=\u00bb60&#8243;][nectar_responsive_text text_color=\u00bb#1cb8b2&#8243; text_direction=\u00bbdefault\u00bb font_size_desktop=\u00bb45&#8243; font_line_height=\u00bb1&#8243;]\n<h3 style=\"text-align: center;\"><b>WVD en Am\u00e9rica Latina y el Caribe  <\/b><\/h3>\n[\/nectar_responsive_text][divider line_type=\u00bbFull Width Line\u00bb line_thickness=\u00bb2&#8243; divider_color=\u00bbextra-color-1&#8243; custom_height=\u00bb60&#8243;][\/vc_column][\/vc_row][vc_row type=\u00bbfull_width_background\u00bb full_screen_row_position=\u00bbmiddle\u00bb column_margin=\u00bbdefault\u00bb column_direction=\u00bbdefault\u00bb column_direction_tablet=\u00bbdefault\u00bb column_direction_phone=\u00bbdefault\u00bb bg_color=\u00bb#ffffff\u00bb scene_position=\u00bbcenter\u00bb top_padding=\u00bb3%\u00bb text_color=\u00bbdark\u00bb text_align=\u00bbleft\u00bb row_border_radius=\u00bbnone\u00bb row_border_radius_applies=\u00bbbg\u00bb overflow=\u00bbvisible\u00bb overlay_strength=\u00bb1&#8243; gradient_direction=\u00bbleft_to_right\u00bb shape_divider_position=\u00bbbottom\u00bb bg_image_animation=\u00bbnone\u00bb shape_type=\u00bb\u00bb gradient_type=\u00bbdefault\u00bb][vc_column column_padding=\u00bbno-extra-padding\u00bb column_padding_tablet=\u00bbinherit\u00bb column_padding_phone=\u00bbinherit\u00bb column_padding_position=\u00bball\u00bb column_element_direction_desktop=\u00bbdefault\u00bb column_element_spacing=\u00bbdefault\u00bb desktop_text_alignment=\u00bbdefault\u00bb tablet_text_alignment=\u00bbdefault\u00bb phone_text_alignment=\u00bbdefault\u00bb background_color_opacity=\u00bb1&#8243; background_hover_color_opacity=\u00bb1&#8243; column_backdrop_filter=\u00bbnone\u00bb column_shadow=\u00bbnone\u00bb column_border_radius=\u00bbnone\u00bb column_link_target=\u00bb_self\u00bb column_position=\u00bbdefault\u00bb gradient_direction=\u00bbleft_to_right\u00bb overlay_strength=\u00bb0.3&#8243; width=\u00bb1\/1&#8243; tablet_width_inherit=\u00bbdefault\u00bb animation_type=\u00bbdefault\u00bb enable_animation=\u00bbtrue\u00bb animation=\u00bbfade-in-from-bottom\u00bb animation_easing=\u00bbdefault\u00bb bg_image_animation=\u00bbnone\u00bb border_type=\u00bbsimple\u00bb column_border_width=\u00bbnone\u00bb column_border_style=\u00bbsolid\u00bb][vc_row_inner column_margin=\u00bb5px\u00bb column_direction=\u00bbdefault\u00bb column_direction_tablet=\u00bbdefault\u00bb column_direction_phone=\u00bbdefault\u00bb text_align=\u00bbleft\u00bb row_position=\u00bbdefault\u00bb row_position_tablet=\u00bbinherit\u00bb row_position_phone=\u00bbinherit\u00bb overflow=\u00bbvisible\u00bb pointer_events=\u00bball\u00bb][vc_column_inner column_padding=\u00bbpadding-3-percent\u00bb column_padding_tablet=\u00bbinherit\u00bb column_padding_phone=\u00bbinherit\u00bb column_padding_position=\u00bbtop-bottom\u00bb column_element_direction_desktop=\u00bbdefault\u00bb column_element_spacing=\u00bbdefault\u00bb desktop_text_alignment=\u00bbdefault\u00bb tablet_text_alignment=\u00bbdefault\u00bb phone_text_alignment=\u00bbdefault\u00bb background_color_opacity=\u00bb1&#8243; background_hover_color_opacity=\u00bb1&#8243; column_backdrop_filter=\u00bbnone\u00bb column_shadow=\u00bbnone\u00bb column_border_radius=\u00bbnone\u00bb column_link_target=\u00bb_self\u00bb overflow=\u00bbvisible\u00bb gradient_direction=\u00bbleft_to_right\u00bb overlay_strength=\u00bb0.3&#8243; width=\u00bb1\/2&#8243; tablet_width_inherit=\u00bbdefault\u00bb animation_type=\u00bbdefault\u00bb enable_animation=\u00bbtrue\u00bb animation=\u00bbfade-in-from-bottom\u00bb animation_easing=\u00bbdefault\u00bb bg_image_animation=\u00bbnone\u00bb border_type=\u00bbsimple\u00bb column_border_width=\u00bbnone\u00bb column_border_style=\u00bbsolid\u00bb][vc_column_text css=\u00bb.vc_custom_1751902713918{margin-bottom: 10px !important;padding-right: 10% !important;}\u00bb text_direction=\u00bbdefault\u00bb]\n<h4><span style=\"color: #33cccc;\"><b>Jornadas de Salud<\/b><\/span><\/h4>\n<h4><b> <\/b><span style=\"color: #33cccc;\"><b>\ud83d\udccdAlberga Morelos<\/b><\/span><\/h4>\n[\/vc_column_text][vc_column_text css=\u00bb.vc_custom_1751902598073{padding-right: 10% !important;}\u00bb text_direction=\u00bbdefault\u00bb]<b>En el marco del D\u00eda del Padre, que se celebra en M\u00e9xico el tercer domingo de junio, Morelos fue sede del lanzamiento oficial de Salud Sexual y Reproductiva Intensiva para Hombres, estrategia nacional impulsada por la Secretar\u00eda de Salud.  <\/b><span style=\"font-weight: 400;\"> <\/span>[\/vc_column_text][\/vc_column_inner][vc_column_inner column_padding=\u00bbpadding-5-percent\u00bb column_padding_tablet=\u00bbinherit\u00bb column_padding_phone=\u00bbinherit\u00bb column_padding_position=\u00bball\u00bb top_margin=\u00bb6%\u00bb column_element_direction_desktop=\u00bbdefault\u00bb column_element_spacing=\u00bbdefault\u00bb centered_text=\u00bbtrue\u00bb desktop_text_alignment=\u00bbdefault\u00bb tablet_text_alignment=\u00bbdefault\u00bb phone_text_alignment=\u00bbdefault\u00bb background_color=\u00bbrgba(243,160,30,0.18)\u00bb background_color_opacity=\u00bb1&#8243; background_hover_color_opacity=\u00bb1&#8243; column_backdrop_filter=\u00bbnone\u00bb column_shadow=\u00bbnone\u00bb column_border_radius=\u00bbnone\u00bb column_link_target=\u00bb_self\u00bb overflow=\u00bbvisible\u00bb gradient_direction=\u00bbleft_to_right\u00bb overlay_strength=\u00bb0.3&#8243; width=\u00bb1\/2&#8243; tablet_width_inherit=\u00bbdefault\u00bb animation_type=\u00bbdefault\u00bb enable_animation=\u00bbtrue\u00bb animation=\u00bbfade-in-from-bottom\u00bb animation_easing=\u00bbdefault\u00bb bg_image_animation=\u00bbnone\u00bb border_type=\u00bbsimple\u00bb column_border_width=\u00bbnone\u00bb column_border_style=\u00bbsolid\u00bb delay=\u00bb100&#8243; column_padding_type=\u00bbdefault\u00bb gradient_type=\u00bbdefault\u00bb][image_with_animation image_url=\u00bb15259&#8243; image_size=\u00bbfull\u00bb animation_type=\u00bbentrance\u00bb animation=\u00bbNone\u00bb animation_movement_type=\u00bbtransform_y\u00bb hover_animation=\u00bbnone\u00bb alignment=\u00bb\u00bb border_radius=\u00bb5px\u00bb box_shadow=\u00bbsmall_depth\u00bb image_loading=\u00bbdefault\u00bb max_width=\u00bb100%\u00bb max_width_mobile=\u00bbdefault\u00bb position_desktop=\u00bbrelative\u00bb][\/vc_column_inner][\/vc_row_inner][vc_row_inner column_margin=\u00bb90px\u00bb column_direction=\u00bbdefault\u00bb column_direction_tablet=\u00bbdefault\u00bb column_direction_phone=\u00bbdefault\u00bb text_align=\u00bbleft\u00bb row_position=\u00bbdefault\u00bb row_position_tablet=\u00bbinherit\u00bb row_position_phone=\u00bbinherit\u00bb overflow=\u00bbvisible\u00bb pointer_events=\u00bball\u00bb][vc_column_inner column_padding=\u00bbpadding-3-percent\u00bb column_padding_tablet=\u00bbinherit\u00bb column_padding_phone=\u00bbinherit\u00bb column_padding_position=\u00bbtop-bottom\u00bb column_element_direction_desktop=\u00bbdefault\u00bb column_element_spacing=\u00bbdefault\u00bb desktop_text_alignment=\u00bbdefault\u00bb tablet_text_alignment=\u00bbdefault\u00bb phone_text_alignment=\u00bbdefault\u00bb background_color_opacity=\u00bb1&#8243; background_hover_color_opacity=\u00bb1&#8243; column_backdrop_filter=\u00bbnone\u00bb column_shadow=\u00bbnone\u00bb column_border_radius=\u00bbnone\u00bb column_link_target=\u00bb_self\u00bb overflow=\u00bbvisible\u00bb gradient_direction=\u00bbleft_to_right\u00bb overlay_strength=\u00bb0.3&#8243; width=\u00bb1\/1&#8243; tablet_width_inherit=\u00bbdefault\u00bb animation_type=\u00bbdefault\u00bb enable_animation=\u00bbtrue\u00bb animation=\u00bbfade-in-from-bottom\u00bb animation_easing=\u00bbdefault\u00bb bg_image_animation=\u00bbnone\u00bb border_type=\u00bbsimple\u00bb column_border_width=\u00bbnone\u00bb column_border_style=\u00bbsolid\u00bb][vc_column_text css=\u00bb.vc_custom_1751903264933{padding-right: 10% !important;}\u00bb text_direction=\u00bbdefault\u00bb]<span style=\"font-weight: 400;\">En el evento se premiaron los videos ganadores del concurso nacional \u00abPromoviendo la Vasectom\u00eda en M\u00e9xico\u00bb, obteniendo Morelos el primer lugar. <\/span><b>El Secretario de Salud, Mario Ocampo Ocampo<\/b><span style=\"font-weight: 400;\"> reconoci\u00f3 que \u00abla creatividad es clave para conectar con las nuevas generaciones\u00bb y elogi\u00f3 esta iniciativa, que comunica eficazmente temas relevantes de salud como la vasectom\u00eda sin bistur\u00ed.<\/span><\/p>\n<p><span style=\"font-weight: 400;\">\u00ab<\/span><b><i>La vasectom\u00eda sin bistur\u00ed es un procedimiento m\u00e9dico ambulatorio, seguro y m\u00ednimamente invasivo que permite a los hombres participar activa y responsablemente en la planificaci\u00f3n familiar. Aunque no es un m\u00e9todo nuevo, su eficacia y sencillez lo convierten en una opci\u00f3n fiable para quienes han decidido no tener m\u00e1s hijos, <\/i><\/b><span style=\"font-weight: 400;\">\u00abdeclar\u00f3.  <\/span><\/p>\n<p><b>Yolanda Varela Ch\u00e1vez<\/b><span style=\"font-weight: 400;\"> directora de Planificaci\u00f3n Familiar del Centro Nacional de Equidad de G\u00e9nero y Salud Reproductiva, se\u00f1al\u00f3 que \u00ab<\/span><b><i>las sesiones intensivas representan un esfuerzo por destacar el papel de los hombres en el ejercicio responsable de sus derechos sexuales y reproductivos.<\/i><\/b><span style=\"font-weight: 400;\">\u00bb <\/span> <\/p>\n<p><b>Mar\u00eda Eugenia Vera Cruz<\/b><span style=\"font-weight: 400;\">representante del D\u00eda Mundial de la Vasectom\u00eda, subray\u00f3 que \u00abhablar de salud reproductiva masculina significa hablar de equidad, romper estigmas y abrir espacios donde los hombres puedan tomar decisiones informadas sobre su salud\u00bb. <\/span> <\/p>\n<p><b>Jacqueline Hern\u00e1ndez Ruiz<\/b><span style=\"font-weight: 400;\">directora general de la SSM, dijo que \u00abcelebrar el D\u00eda del Padre no s\u00f3lo es reconocer ese papel, sino tambi\u00e9n abrir la conversaci\u00f3n sobre lo que significa ser padre en el M\u00e9xico de hoy\u00bb. <\/span> <\/p>\n<p><b>A\u00f1adi\u00f3 que esta fecha es una oportunidad inestimable para promover una nueva masculinidad, una paternidad emp\u00e1tica, responsable y libre de estereotipos.  <\/b><span style=\"font-weight: 400;\"> <\/span><\/p>\n<p><span style=\"font-weight: 400;\">Tambi\u00e9n se entregaron reconocimientos a profesionales sanitarios con una trayectoria destacada en la realizaci\u00f3n de vasectom\u00edas.<\/span>[\/vc_column_text][\/vc_column_inner][\/vc_row_inner][image_with_animation image_url=\u00bb15261&#8243; image_size=\u00bbfull\u00bb animation_type=\u00bbentrance\u00bb animation=\u00bbNone\u00bb animation_movement_type=\u00bbtransform_y\u00bb hover_animation=\u00bbnone\u00bb constrain_group_2=\u00bbyes\u00bb alignment=\u00bbcenter\u00bb border_radius=\u00bb5px\u00bb box_shadow=\u00bbmedium_depth\u00bb image_loading=\u00bbdefault\u00bb max_width=\u00bb100%\u00bb max_width_mobile=\u00bbdefault\u00bb margin_left=\u00bb4%\u00bb margin_right=\u00bb4%\u00bb][divider line_type=\u00bbSmall Line\u00bb line_alignment=\u00bbcenter\u00bb line_thickness=\u00bb2&#8243; divider_color=\u00bbaccent-color\u00bb animate=\u00bbyes\u00bb custom_height=\u00bb70&#8243;][\/vc_column][\/vc_row]\n","protected":false},"excerpt":{"rendered":"<p>[vc_row type=\u00bbin_container\u00bb full_screen_row_position=\u00bbmiddle\u00bb column_margin=\u00bbdefault\u00bb column_direction=\u00bbdefault\u00bb column_direction_tablet=\u00bbdefault\u00bb column_direction_phone=\u00bbdefault\u00bb scene_position=\u00bbcenter\u00bb text_color=\u00bbdark\u00bb text_align=\u00bbleft\u00bb row_border_radius=\u00bbnone\u00bb row_border_radius_applies=\u00bbbg\u00bb overflow=\u00bbvisible\u00bb overlay_strength=\u00bb0.3&#8243; gradient_direction=\u00bbleft_to_right\u00bb shape_divider_position=\u00bbbottom\u00bb bg_image_animation=\u00bbnone\u00bb][vc_column column_padding=\u00bbno-extra-padding\u00bb column_padding_tablet=\u00bbinherit\u00bb column_padding_phone=\u00bbinherit\u00bb column_padding_position=\u00bball\u00bb column_element_direction_desktop=\u00bbdefault\u00bb column_element_spacing=\u00bbdefault\u00bb desktop_text_alignment=\u00bbdefault\u00bb tablet_text_alignment=\u00bbdefault\u00bb phone_text_alignment=\u00bbdefault\u00bb background_color_opacity=\u00bb1&#8243; background_hover_color_opacity=\u00bb1&#8243; column_backdrop_filter=\u00bbnone\u00bb column_shadow=\u00bbnone\u00bb&#8230;<\/p>\n","protected":false},"author":11,"featured_media":15314,"comment_status":"closed","ping_status":"closed","sticky":false,"template":"","format":"standard","meta":{"footnotes":""},"categories":[156,33],"tags":[],"class_list":{"0":"post-15344","1":"post","2":"type-post","3":"status-publish","4":"format-standard","5":"has-post-thumbnail","7":"category-julio-de-2025","8":"category-newsletter-es"},"_links":{"self":[{"href":"https:\/\/wvd.org\/es\/wp-json\/wp\/v2\/posts\/15344","targetHints":{"allow":["GET"]}}],"collection":[{"href":"https:\/\/wvd.org\/es\/wp-json\/wp\/v2\/posts"}],"about":[{"href":"https:\/\/wvd.org\/es\/wp-json\/wp\/v2\/types\/post"}],"author":[{"embeddable":true,"href":"https:\/\/wvd.org\/es\/wp-json\/wp\/v2\/users\/11"}],"replies":[{"embeddable":true,"href":"https:\/\/wvd.org\/es\/wp-json\/wp\/v2\/comments?post=15344"}],"version-history":[{"count":0,"href":"https:\/\/wvd.org\/es\/wp-json\/wp\/v2\/posts\/15344\/revisions"}],"wp:featuredmedia":[{"embeddable":true,"href":"https:\/\/wvd.org\/es\/wp-json\/wp\/v2\/media\/15314"}],"wp:attachment":[{"href":"https:\/\/wvd.org\/es\/wp-json\/wp\/v2\/media?parent=15344"}],"wp:term":[{"taxonomy":"category","embeddable":true,"href":"https:\/\/wvd.org\/es\/wp-json\/wp\/v2\/categories?post=15344"},{"taxonomy":"post_tag","embeddable":true,"href":"https:\/\/wvd.org\/es\/wp-json\/wp\/v2\/tags?post=15344"}],"curies":[{"name":"wp","href":"https:\/\/api.w.org\/{rel}","templated":true}]}}