{"id":10487,"date":"2023-06-16T20:19:44","date_gmt":"2023-06-17T02:19:44","guid":{"rendered":"https:\/\/wvd.org\/informe-semestral-de-wvd\/"},"modified":"2023-08-03T21:23:09","modified_gmt":"2023-08-04T03:23:09","slug":"informe-semestral-de-wvd","status":"publish","type":"post","link":"https:\/\/wvd.org\/es\/informe-semestral-de-wvd\/","title":{"rendered":"Informe Semestral de WVD"},"content":{"rendered":"<p>2018 se ha marcado como un a\u00f1o notablemente activo y global. Esta sexta edici\u00f3n del D\u00eda Mundial de la Vasectom\u00eda ya ha dejado su huella en cuatro pa\u00edses que abarcan tres continentes y m\u00e1s por venir. Este informe semestral sirve para dar cuenta del progreso realizado hasta el momento en el a\u00f1o al comienzo de una redirecci\u00f3n de la sede del WVD 2018.<\/p>\n<p><strong>HAIT\u00cd<\/strong>: Durante el mes de marzo, trabajando con el <strong>Dr. Gianni Decastro<\/strong>, director ejecutivo de Profamil, celebramos el primer D\u00eda Mundial de la Vasectom\u00eda en el pa\u00eds. Con fondos del FP2020, pudimos probar un marco de ocho pasos desarrollado por nuestra gerente de programa <strong>Alison Hoover<\/strong>, tomando las lecciones aprendidas de los cinco a\u00f1os anteriores de WVD. Se necesitaron solo 4 semanas para producir una extensa campa\u00f1a de medios (ver <a href=\"https:\/\/www.facebook.com\/profamilhaiti\/videos\/1658004674279489\/\">aqu\u00ed<\/a> y <a href=\"https:\/\/www.facebook.com\/WorldVasDay\/videos\/1907718009522950\/\">aqu\u00ed<\/a> para ver ejemplos), capacitar a tres m\u00e9dicos bajo la supervisi\u00f3n de <strong>Dr. Michel Labrecque<\/strong>,  <strong>Dr. Doug Stein<\/strong> y <strong>Dr. Jack Chang<\/strong>, apoyar a 25 trabajadores de salud comunitarios, organizar un taller de medios y realizar 84 vasectom\u00edas en un solo d\u00eda con m\u00e1s de 100 hombres adicionales registrados, todo lo cual ayud\u00f3 a solidificar el marco y prepararlo para llevarlo a escala en nuestros otros pa\u00edses participantes.<\/p>\n<p><img loading=\"lazy\" decoding=\"async\" class=\"alignnone size-medium wp-image-1142\" src=\"https:\/\/wvd.org\/wp-content\/uploads\/2018\/10\/Haiti-Collage-900x233.png\" sizes=\"auto, (max-width: 709px) 85vw, (max-width: 909px) 67vw, (max-width: 1362px) 62vw, 840px\" srcset=\"https:\/\/wvd.org\/wp-content\/uploads\/2018\/10\/Haiti-Collage-900x233.png 900w, https:\/\/wvd.org\/wp-content\/uploads\/2018\/10\/Haiti-Collage-768x199.png 768w, https:\/\/wvd.org\/wp-content\/uploads\/2018\/10\/Haiti-Collage.png 1147w\" alt=\"\" width=\"900\" height=\"233\"><\/p>\n<p><strong>COLOMBIA<\/strong>: A principios de abril, el <strong>Dr. Esgar Guarin<\/strong> y Jonathan Stack viajaron a Bogot\u00e1 para reunirse con la Dra. <strong>Marta Royo<\/strong> y el equipo de Profamilia, as\u00ed como con el director de contenido de WVD, <strong>Nicolas Cuellar.<\/strong> En solo unos d\u00edas, nos reunimos con l\u00edderes del Ministerio de Salud, la alcald\u00eda, m\u00e9dicos, pacientes, proveedores de seguros de salud y casi media docena de los principales medios de comunicaci\u00f3n. Nicolas tambi\u00e9n prepar\u00f3 el primer video de 360 grados de WVD que se mostr\u00f3 a trav\u00e9s de gafas de realidad virtual, lo que garantiza que permanezcamos a la vanguardia de los avances de las TIC. Estamos totalmente comprometidos a traer el WVD 2019 a Colombia y haremos un anuncio oficial como parte de la celebraci\u00f3n del WVD 2018. Como un adelanto, el objetivo de WVD en 2019 es tener actividades en los 44 pa\u00edses del hemisferio occidental.<\/p>\n<p><img loading=\"lazy\" decoding=\"async\" class=\"alignnone size-medium wp-image-1143\" src=\"https:\/\/wvd.org\/wp-content\/uploads\/2018\/10\/Colombia-Collage-900x283.png\" sizes=\"auto, (max-width: 709px) 85vw, (max-width: 909px) 67vw, (max-width: 1362px) 62vw, 840px\" srcset=\"https:\/\/wvd.org\/wp-content\/uploads\/2018\/10\/Colombia-Collage-900x283.png 900w, https:\/\/wvd.org\/wp-content\/uploads\/2018\/10\/Colombia-Collage-768x242.png 768w, https:\/\/wvd.org\/wp-content\/uploads\/2018\/10\/Colombia-Collage.png 1045w\" alt=\"\" width=\"900\" height=\"283\"><\/p>\n<p><strong>KENIA<\/strong>: En abril, nos asociamos con el <strong>Dr. Charles Ochieng<\/strong> de WISPIVAS y Family Health Options of Kenya (FHOK) para ofrecer cuatro d\u00edas de vasectom\u00edas. Trabajando con <strong>Sennah Akoi<\/strong>, miembro de la junta asesora de medios, organizamos una conferencia de prensa que incluy\u00f3 presentaciones de Jonathan Stack, el Dr. Doug Stein, el <strong>Dr. John Curington<\/strong> y el <strong>Dr. Boniface Sebikali<\/strong> de Intrahealth. Josephine Kibaru y el director de salud reproductiva del Ministerio para discutir los resultados del estudio Intrahealth sobre WVD Kenia (un resumen del cual se presentar\u00e1 en ICFP 2018 en Kigali).<\/p>\n<p><img loading=\"lazy\" decoding=\"async\" class=\"alignnone size-medium wp-image-1144\" src=\"https:\/\/wvd.org\/wp-content\/uploads\/2018\/10\/Kenya-Collage-900x360.png\" sizes=\"auto, (max-width: 709px) 85vw, (max-width: 909px) 67vw, (max-width: 1362px) 62vw, 840px\" srcset=\"https:\/\/wvd.org\/wp-content\/uploads\/2018\/10\/Kenya-Collage-900x360.png 900w, https:\/\/wvd.org\/wp-content\/uploads\/2018\/10\/Kenya-Collage-768x307.png 768w, https:\/\/wvd.org\/wp-content\/uploads\/2018\/10\/Kenya-Collage.png 1077w\" alt=\"\" width=\"900\" height=\"360\"><\/p>\n<p><strong>M\u00c9XICO<\/strong>: A fines de junio, el Dr. Esgar Guarin, Jonathan Stack y <strong>Mariana Castro<\/strong> (representante de WVD en el pa\u00eds) viajaron a Ixtapa para el retiro anual de vasectom\u00eda del CNEGSR dirigido por el <strong>Dr. Eduardo Pesqueira<\/strong> y <strong>Actuaria Yolanda Varela<\/strong>. <strong>Ana Karina de la Vega Millor<\/strong> de DKT y su director m\u00e9dico, el <strong>Dr. Luis Cruz<\/strong>, ofrecieron premios a los vasectomistas mexicanos m\u00e1s activos. El Dr. Michel Labrecque y el Dr. Doug Stein ofrecieron becas al <strong>Dr. Francisco Morales<\/strong> y al <strong>Dr. Juan Jos\u00e9 Hern\u00e1ndez Gardu\u00f1o<\/strong> para viajar a Canad\u00e1 y Florida, respectivamente, para una capacitaci\u00f3n intensiva de tres d\u00edas. Adem\u00e1s, <strong>Isabel Ben\u00edtez<\/strong>, del Consejo Pop, present\u00f3 sus hallazgos de la investigaci\u00f3n que llevaron a cabo como parte del WVD 2017. Un resumen de esto tambi\u00e9n se presentar\u00e1 en ICFP 2018.<\/p>\n<p>Quiz\u00e1s lo m\u00e1s impresionante es que el Centro de Salud de M\u00e9xico ha aumentado su compromiso financiero para el WVD 2018. WVD est\u00e1 apoyando la producci\u00f3n de una campa\u00f1a medi\u00e1tica y DKT est\u00e1 realizando cientos de vasectom\u00edas mensualmente en su &#8216;unidad m\u00e9dica m\u00f3vil&#8217;. Es seguro decir que WVD contin\u00faa en M\u00e9xico, y contin\u00faa creciendo, incluso con un cambio de gobierno programado para el 1 de diciembre.<\/p>\n<p><img loading=\"lazy\" decoding=\"async\" class=\"alignnone size-medium wp-image-1145\" src=\"https:\/\/wvd.org\/wp-content\/uploads\/2018\/10\/Mexico-Collage-900x318.png\" sizes=\"auto, (max-width: 709px) 85vw, (max-width: 909px) 67vw, (max-width: 1362px) 62vw, 840px\" srcset=\"https:\/\/wvd.org\/wp-content\/uploads\/2018\/10\/Mexico-Collage-900x318.png 900w, https:\/\/wvd.org\/wp-content\/uploads\/2018\/10\/Mexico-Collage-768x272.png 768w, https:\/\/wvd.org\/wp-content\/uploads\/2018\/10\/Mexico-Collage.png 1029w\" alt=\"\" width=\"900\" height=\"318\"><\/p>\n<p><strong>RUANDA<\/strong>: Aunque no completamos las nueve actividades que hab\u00edamos dise\u00f1ado originalmente con el apoyo del Ministerio y bajo el liderazgo de <strong>Dr. Anicet Nzabonimpa<\/strong>, s\u00ed produjimos m\u00e1s de una docena de cortometrajes (ver uno <a href=\"https:\/\/www.facebook.com\/WorldVasDay\/videos\/176845846577823\/\">aqu\u00ed<\/a>), capacit\u00f3 a 80 trabajadores comunitarios de salud y firm\u00f3 cartas de cooperaci\u00f3n con 12 organizaciones independientes, incluidas todas las principales asociaciones m\u00e9dicas, de parteras y de enfermer\u00eda. Hemos plantado las semillas para un movimiento poderoso y positivo all\u00ed, y estoy seguro de que con el tiempo, nuestro trabajo dar\u00e1 frutos.<\/p>\n<p><img loading=\"lazy\" decoding=\"async\" class=\"alignnone size-medium wp-image-1146\" src=\"https:\/\/wvd.org\/wp-content\/uploads\/2018\/10\/Rwanda-Collage-900x338.png\" sizes=\"auto, (max-width: 709px) 85vw, (max-width: 909px) 67vw, (max-width: 1362px) 62vw, 840px\" srcset=\"https:\/\/wvd.org\/wp-content\/uploads\/2018\/10\/Rwanda-Collage-900x338.png 900w, https:\/\/wvd.org\/wp-content\/uploads\/2018\/10\/Rwanda-Collage-768x289.png 768w, https:\/\/wvd.org\/wp-content\/uploads\/2018\/10\/Rwanda-Collage.png 958w\" alt=\"\" width=\"900\" height=\"338\"><\/p>\n<p>El mayor desaf\u00edo de WVD es construir un mecanismo para hacer que este movimiento en crecimiento sea autosuficiente, por lo que vemos un lado positivo en lo que acaba de ocurrir en Ruanda. Ahora estamos en la ciudad de Nueva York y nuestra intenci\u00f3n para WVD 2018, adem\u00e1s de ofrecer un mayor apoyo a nuestros socios globales, es crear la primera cl\u00ednica emergente de WVD. M\u00e1s a seguir, pero en \u00faltima instancia, vemos una gran oportunidad en las cl\u00ednicas de WVD en todo el pa\u00eds.<\/p>\n<p>WVD contin\u00faa extendi\u00e9ndose y creciendo, inspirando continuamente a hombres que se levantan por amor a su familia, sus parejas y nuestro futuro. Y nos levantaremos juntos este a\u00f1o con el D\u00eda Mundial de la Vasectom\u00eda que tendr\u00e1 lugar del 12 al 16 de noviembre, no en un solo lugar, ni siquiera en un solo pa\u00eds, sino en cientos de lugares en docenas de pa\u00edses.<\/p>\n","protected":false},"excerpt":{"rendered":"<p>2018 se ha marcado como un a\u00f1o notablemente activo y global. Esta sexta edici\u00f3n del D\u00eda Mundial de la Vasectom\u00eda ya ha dejado su huella en cuatro pa\u00edses que abarcan&#8230;<\/p>\n","protected":false},"author":1,"featured_media":1570,"comment_status":"closed","ping_status":"closed","sticky":false,"template":"","format":"standard","meta":{"footnotes":""},"categories":[1,79],"tags":[],"class_list":{"0":"post-10487","1":"post","2":"type-post","3":"status-publish","4":"format-standard","5":"has-post-thumbnail","7":"category-blog","8":"category-blogs-es"},"_links":{"self":[{"href":"https:\/\/wvd.org\/es\/wp-json\/wp\/v2\/posts\/10487","targetHints":{"allow":["GET"]}}],"collection":[{"href":"https:\/\/wvd.org\/es\/wp-json\/wp\/v2\/posts"}],"about":[{"href":"https:\/\/wvd.org\/es\/wp-json\/wp\/v2\/types\/post"}],"author":[{"embeddable":true,"href":"https:\/\/wvd.org\/es\/wp-json\/wp\/v2\/users\/1"}],"replies":[{"embeddable":true,"href":"https:\/\/wvd.org\/es\/wp-json\/wp\/v2\/comments?post=10487"}],"version-history":[{"count":0,"href":"https:\/\/wvd.org\/es\/wp-json\/wp\/v2\/posts\/10487\/revisions"}],"wp:featuredmedia":[{"embeddable":true,"href":"https:\/\/wvd.org\/es\/wp-json\/wp\/v2\/media\/1570"}],"wp:attachment":[{"href":"https:\/\/wvd.org\/es\/wp-json\/wp\/v2\/media?parent=10487"}],"wp:term":[{"taxonomy":"category","embeddable":true,"href":"https:\/\/wvd.org\/es\/wp-json\/wp\/v2\/categories?post=10487"},{"taxonomy":"post_tag","embeddable":true,"href":"https:\/\/wvd.org\/es\/wp-json\/wp\/v2\/tags?post=10487"}],"curies":[{"name":"wp","href":"https:\/\/api.w.org\/{rel}","templated":true}]}}